{"id":263,"date":"2018-11-09T21:36:10","date_gmt":"2018-11-09T20:36:10","guid":{"rendered":"https:\/\/akdusekbudil.cz\/?p=263"},"modified":"2018-12-13T22:21:57","modified_gmt":"2018-12-13T21:21:57","slug":"dobre-mravy-v-judikature-na-noci-fakulty","status":"publish","type":"post","link":"https:\/\/akdusekbudil.cz\/?p=263","title":{"rendered":"Dobr\u00e9 mravy v judikatu\u0159e na Noci fakulty"},"content":{"rendered":"<p><a href=\"https:\/\/akdusekbudil.cz\/wp-content\/uploads\/2018\/11\/noc-fakulty.jpg\"><img loading=\"lazy\" class=\"alignleft size-medium wp-image-270\" src=\"https:\/\/akdusekbudil.cz\/wp-content\/uploads\/2018\/11\/noc-fakulty-224x300.jpg\" alt=\"\" width=\"224\" height=\"300\" srcset=\"https:\/\/akdusekbudil.cz\/wp-content\/uploads\/2018\/11\/noc-fakulty-224x300.jpg 224w, https:\/\/akdusekbudil.cz\/wp-content\/uploads\/2018\/11\/noc-fakulty-600x803.jpg 600w, https:\/\/akdusekbudil.cz\/wp-content\/uploads\/2018\/11\/noc-fakulty.jpg 717w\" sizes=\"(max-width: 224px) 100vw, 224px\" \/><\/a>7. listopadu jsme se na Pr\u00e1vnick\u00e9 fakult\u011b Univerzity Karlovy z\u00fa\u010dastnili festivalu <strong>Noc fakulty<\/strong>. Vedle kulturn\u00edch dopl\u0148k\u016f je na Noci fakulty prezentov\u00e1na v\u011bd\u011bck\u00e1 a tv\u016fr\u010d\u00ed \u010dinnost v oblasti pr\u00e1va. N\u00e1s nejv\u00edce zaujala p\u0159edn\u00e1\u0161ka zn\u00e1m\u00e9ho pr\u00e1vn\u00edka <strong>JUDr. Petra \u010cecha, LL.M., Ph.D.<\/strong> z Katedry obchodn\u00edho pr\u00e1va, kter\u00fd p\u0159\u00edtomn\u00e9 zasv\u011btil do vybran\u00fdch p\u0159\u00edpad\u016f z oblasti dobr\u00fdch mrav\u016f v judikatu\u0159e.<\/p>\n","protected":false},"excerpt":{"rendered":"<p>7. listopadu jsme se na Pr\u00e1vnick\u00e9 fakult\u011b Univerzity Karlovy z\u00fa\u010dastnili festivalu Noc fakulty. Vedle kulturn\u00edch dopl\u0148k\u016f je na Noci fakulty prezentov\u00e1na v\u011bd\u011bck\u00e1 a tv\u016fr\u010d\u00ed \u010dinnost v oblasti pr\u00e1va. N\u00e1s nejv\u00edce zaujala p\u0159edn\u00e1\u0161ka zn\u00e1m\u00e9ho pr\u00e1vn\u00edka JUDr. Petra \u010cecha, LL.M., Ph.D. z Katedry obchodn\u00edho pr\u00e1va, kter\u00fd p\u0159\u00edtomn\u00e9 zasv\u011btil do vybran\u00fdch p\u0159\u00edpad\u016f z oblasti dobr\u00fdch mrav\u016f v judikatu\u0159e.<\/p>\n","protected":false},"author":3,"featured_media":277,"comment_status":"closed","ping_status":"open","sticky":false,"template":"","format":"standard","meta":[],"categories":[3],"tags":[],"amp_enabled":true,"_links":{"self":[{"href":"https:\/\/akdusekbudil.cz\/index.php?rest_route=\/wp\/v2\/posts\/263"}],"collection":[{"href":"https:\/\/akdusekbudil.cz\/index.php?rest_route=\/wp\/v2\/posts"}],"about":[{"href":"https:\/\/akdusekbudil.cz\/index.php?rest_route=\/wp\/v2\/types\/post"}],"author":[{"embeddable":true,"href":"https:\/\/akdusekbudil.cz\/index.php?rest_route=\/wp\/v2\/users\/3"}],"replies":[{"embeddable":true,"href":"https:\/\/akdusekbudil.cz\/index.php?rest_route=%2Fwp%2Fv2%2Fcomments&post=263"}],"version-history":[{"count":6,"href":"https:\/\/akdusekbudil.cz\/index.php?rest_route=\/wp\/v2\/posts\/263\/revisions"}],"predecessor-version":[{"id":272,"href":"https:\/\/akdusekbudil.cz\/index.php?rest_route=\/wp\/v2\/posts\/263\/revisions\/272"}],"wp:featuredmedia":[{"embeddable":true,"href":"https:\/\/akdusekbudil.cz\/index.php?rest_route=\/wp\/v2\/media\/277"}],"wp:attachment":[{"href":"https:\/\/akdusekbudil.cz\/index.php?rest_route=%2Fwp%2Fv2%2Fmedia&parent=263"}],"wp:term":[{"taxonomy":"category","embeddable":true,"href":"https:\/\/akdusekbudil.cz\/index.php?rest_route=%2Fwp%2Fv2%2Fcategories&post=263"},{"taxonomy":"post_tag","embeddable":true,"href":"https:\/\/akdusekbudil.cz\/index.php?rest_route=%2Fwp%2Fv2%2Ftags&post=263"}],"curies":[{"name":"wp","href":"https:\/\/api.w.org\/{rel}","templated":true}]}}