{"id":437,"date":"2020-03-31T23:24:55","date_gmt":"2020-03-31T21:24:55","guid":{"rendered":"https:\/\/akdusekbudil.cz\/?p=437"},"modified":"2020-03-31T23:49:11","modified_gmt":"2020-03-31T21:49:11","slug":"revolucni-zmena-exekutori-zastavi-mnoho-rizeni-starsich-3-let","status":"publish","type":"post","link":"https:\/\/akdusekbudil.cz\/?p=437","title":{"rendered":"Revolu\u010dn\u00ed zm\u011bna: exekuto\u0159i maj\u00ed zastavit mnoho \u0159\u00edzen\u00ed star\u0161\u00edch 3 let"},"content":{"rendered":"<p>Vl\u00e1da \u010cesk\u00e9 republiky dnes (31. 3. 2020) na sv\u00e9m zased\u00e1n\u00ed v\u00a0souvislosti s\u00a0nouzov\u00fdm stavem a krizov\u00fdmi opat\u0159en\u00edmi schv\u00e1lila n\u00e1vrhy na \u0159adu zm\u011bn z\u00e1kon\u016f. Jednou z\u00a0nich byla i revolu\u010dn\u00ed novela exeku\u010dn\u00edho \u0159\u00e1du, podle kter\u00e9 bude nov\u011b<strong> soudn\u00ed exekutor povinen i bez n\u00e1vrhu a souhlasu zastavit v\u0161echna exeku\u010dn\u00ed \u0159\u00edzen\u00ed<\/strong>, u nich\u017e:<\/p>\n<ul>\n<li>v posledn\u00edch 3 letech nedo\u0161lo k\u00a0vymo\u017een\u00ed dlu\u017en\u00e9 \u010d\u00e1stky pokr\u00fdvaj\u00edc\u00ed alespo\u0148 n\u00e1klady exekuce, a z\u00e1rove\u0148<\/li>\n<li>nebyl v posledn\u00edch 3 letech zji\u0161t\u011bn \u017e\u00e1dn\u00fd majetek posti\u017eiteln\u00fd v exekuci, kter\u00fd by alespo\u0148 pokryl n\u00e1klady exekuce, a z\u00e1rove\u0148<\/li>\n<li>nejde o specifick\u00e9 v\u00fdjimky (nap\u0159. pohled\u00e1vky z v\u00fd\u017eivn\u00e9ho na nezletil\u00e9 d\u00edt\u011b, pojistn\u00e9ho na zdravotn\u00ed poji\u0161t\u011bn\u00ed, dluhy z\u00a0MHD).<\/li>\n<\/ul>\n<figure id=\"attachment_439\" aria-describedby=\"caption-attachment-439\" style=\"width: 300px\" class=\"wp-caption alignleft\"><a href=\"https:\/\/akdusekbudil.cz\/?attachment_id=439\" rel=\"attachment wp-att-439\"><img loading=\"lazy\" class=\"wp-image-439 size-medium\" src=\"https:\/\/akdusekbudil.cz\/wp-content\/uploads\/2020\/03\/v\u00fdjev-300x300.png\" alt=\"\" width=\"300\" height=\"300\" srcset=\"https:\/\/akdusekbudil.cz\/wp-content\/uploads\/2020\/03\/v\u00fdjev-300x300.png 300w, https:\/\/akdusekbudil.cz\/wp-content\/uploads\/2020\/03\/v\u00fdjev-150x150.png 150w, https:\/\/akdusekbudil.cz\/wp-content\/uploads\/2020\/03\/v\u00fdjev-768x768.png 768w, https:\/\/akdusekbudil.cz\/wp-content\/uploads\/2020\/03\/v\u00fdjev-1024x1024.png 1024w, https:\/\/akdusekbudil.cz\/wp-content\/uploads\/2020\/03\/v\u00fdjev-600x600.png 600w, https:\/\/akdusekbudil.cz\/wp-content\/uploads\/2020\/03\/v\u00fdjev.png 1193w\" sizes=\"(max-width: 300px) 100vw, 300px\" \/><\/a><figcaption id=\"caption-attachment-439\" class=\"wp-caption-text\"><em>V\u00fdjev z fas\u00e1dy Okresn\u00edho soudu v Chebu (ilustra\u010dn\u00ed foto)<\/em><\/figcaption><\/figure>\n<p>Opr\u00e1vn\u011bn\u00fd, kter\u00fd v\u00a0takov\u00e9m p\u0159\u00edpad\u011b bude trvat na pokra\u010dov\u00e1n\u00ed \u0159\u00edzen\u00ed, bude povinen hradit soudn\u00edmu exekutorovi z\u00e1lohy na n\u00e1klady \u0159\u00edzen\u00ed.<\/p>\n<p>Nav\u00edc, pokud v posledn\u00edch 9 letech nedo\u0161lo k vymo\u017een\u00ed \u010d\u00e1stky pokr\u00fdvaj\u00edc\u00ed alespo\u0148 n\u00e1klady exekuce a nebyl-li v posledn\u00edch 3 letech zji\u0161t\u011bn \u017e\u00e1dn\u00fd majetek posti\u017eiteln\u00fd v exekuci, kter\u00fd by alespo\u0148 pokryl n\u00e1klady exekuce, zastav\u00ed exekutor v\u0161echny exekuce bez v\u00fdjimky.<\/p>\n<p>N\u00e1vrh je\u0161t\u011b mus\u00ed ve stavu legislativn\u00ed nouze schv\u00e1lit ob\u011b komory Parlamentu \u010cR a podepsat prezident republiky.<\/p>\n","protected":false},"excerpt":{"rendered":"<p>Vl\u00e1da \u010cesk\u00e9 republiky dnes (31. 3. 2020) na sv\u00e9m zased\u00e1n\u00ed v\u00a0souvislosti s\u00a0nouzov\u00fdm stavem a krizov\u00fdmi opat\u0159en\u00edmi schv\u00e1lila n\u00e1vrhy na \u0159adu zm\u011bn z\u00e1kon\u016f. Jednou z\u00a0nich byla i revolu\u010dn\u00ed novela exeku\u010dn\u00edho \u0159\u00e1du, podle kter\u00e9 bude nov\u011b soudn\u00ed exekutor povinen i bez n\u00e1vrhu a souhlasu zastavit v\u0161echna exeku\u010dn\u00ed \u0159\u00edzen\u00ed, u nich\u017e: v posledn\u00edch 3 letech nedo\u0161lo k\u00a0vymo\u017een\u00ed dlu\u017en\u00e9 [&hellip;]<\/p>\n","protected":false},"author":3,"featured_media":438,"comment_status":"closed","ping_status":"open","sticky":false,"template":"","format":"standard","meta":[],"categories":[3],"tags":[],"amp_enabled":true,"_links":{"self":[{"href":"https:\/\/akdusekbudil.cz\/index.php?rest_route=\/wp\/v2\/posts\/437"}],"collection":[{"href":"https:\/\/akdusekbudil.cz\/index.php?rest_route=\/wp\/v2\/posts"}],"about":[{"href":"https:\/\/akdusekbudil.cz\/index.php?rest_route=\/wp\/v2\/types\/post"}],"author":[{"embeddable":true,"href":"https:\/\/akdusekbudil.cz\/index.php?rest_route=\/wp\/v2\/users\/3"}],"replies":[{"embeddable":true,"href":"https:\/\/akdusekbudil.cz\/index.php?rest_route=%2Fwp%2Fv2%2Fcomments&post=437"}],"version-history":[{"count":9,"href":"https:\/\/akdusekbudil.cz\/index.php?rest_route=\/wp\/v2\/posts\/437\/revisions"}],"predecessor-version":[{"id":448,"href":"https:\/\/akdusekbudil.cz\/index.php?rest_route=\/wp\/v2\/posts\/437\/revisions\/448"}],"wp:featuredmedia":[{"embeddable":true,"href":"https:\/\/akdusekbudil.cz\/index.php?rest_route=\/wp\/v2\/media\/438"}],"wp:attachment":[{"href":"https:\/\/akdusekbudil.cz\/index.php?rest_route=%2Fwp%2Fv2%2Fmedia&parent=437"}],"wp:term":[{"taxonomy":"category","embeddable":true,"href":"https:\/\/akdusekbudil.cz\/index.php?rest_route=%2Fwp%2Fv2%2Fcategories&post=437"},{"taxonomy":"post_tag","embeddable":true,"href":"https:\/\/akdusekbudil.cz\/index.php?rest_route=%2Fwp%2Fv2%2Ftags&post=437"}],"curies":[{"name":"wp","href":"https:\/\/api.w.org\/{rel}","templated":true}]}}