{"id":475,"date":"2023-03-28T19:04:12","date_gmt":"2023-03-28T17:04:12","guid":{"rendered":"https:\/\/akdusekbudil.cz\/?p=475"},"modified":"2023-03-28T19:04:12","modified_gmt":"2023-03-28T17:04:12","slug":"vzpominka","status":"publish","type":"post","link":"https:\/\/akdusekbudil.cz\/?p=475","title":{"rendered":"Vzpom\u00ednka"},"content":{"rendered":"\n<div class=\"wp-block-image is-style-default\"><figure class=\"alignleft size-full is-resized\"><img loading=\"lazy\" src=\"https:\/\/akdusekbudil.cz\/wp-content\/uploads\/2023\/03\/1658667_10202523276436829_1571729850_o-1.jpg\" alt=\"\" class=\"wp-image-478\" width=\"459\" height=\"321\" srcset=\"https:\/\/akdusekbudil.cz\/wp-content\/uploads\/2023\/03\/1658667_10202523276436829_1571729850_o-1.jpg 922w, https:\/\/akdusekbudil.cz\/wp-content\/uploads\/2023\/03\/1658667_10202523276436829_1571729850_o-1-300x209.jpg 300w, https:\/\/akdusekbudil.cz\/wp-content\/uploads\/2023\/03\/1658667_10202523276436829_1571729850_o-1-768x536.jpg 768w, https:\/\/akdusekbudil.cz\/wp-content\/uploads\/2023\/03\/1658667_10202523276436829_1571729850_o-1-600x418.jpg 600w\" sizes=\"(max-width: 459px) 100vw, 459px\" \/><figcaption>Mgr. Pavel Vo\u0159\u00ed\u0161ek (1952 &#8211; 2023)<\/figcaption><\/figure><\/div>\n\n\n\n<p>S velk\u00fdm z\u00e1rmutkem jsme se dozv\u011bd\u011bli, \u017ee n\u00e1s dne 27. 3. 2023 po kr\u00e1tk\u00e9 t\u011b\u017ek\u00e9 nemoci opustil pan <strong>Mgr. Pavel Vo\u0159\u00ed\u0161ek<\/strong>, chebsk\u00fd advok\u00e1t, v jeho\u017e praxi m\u00e1me od roku 2017 mo\u017enost pokra\u010dovat. <\/p>\n\n\n\n<p>Pan doktor Vo\u0159\u00ed\u0161ek byl pro n\u00e1s zku\u0161en\u00fdm mentorem v oblasti advokacie, ale tak\u00e9 v\u00fdte\u010dn\u00fdm spole\u010dn\u00edkem se zdvo\u0159il\u00fdm vystupov\u00e1n\u00edm, se\u010dt\u011bl\u00fdm \u010dlov\u011bkem a skv\u011bl\u00fdm vyprav\u011b\u010dem, na jeho\u017e pomoc i vl\u00eddn\u00e9 p\u0159ijet\u00ed jsme se mohli kdykoli spolehnout. <\/p>\n\n\n\n<p>Zpr\u00e1va o n\u00e1hl\u00e9m skonu pana doktora n\u00e1s v\u0161echny velice zas\u00e1hla. Na jeho odkaz se ale budeme sna\u017eit co nejl\u00e9pe navazovat.<\/p>\n\n\n\n<p>Za t\u00fdm advok\u00e1tn\u00ed kancel\u00e1\u0159e<\/p>\n\n\n\n<p>Libor Du\u0161ek <\/p>\n\n\n\n<p><\/p>\n","protected":false},"excerpt":{"rendered":"<p>S velk\u00fdm z\u00e1rmutkem jsme se dozv\u011bd\u011bli, \u017ee n\u00e1s dne 27. 3. 2023 po kr\u00e1tk\u00e9 t\u011b\u017ek\u00e9 nemoci opustil pan Mgr. Pavel Vo\u0159\u00ed\u0161ek, chebsk\u00fd advok\u00e1t, v jeho\u017e praxi m\u00e1me od roku 2017 mo\u017enost pokra\u010dovat. Pan doktor Vo\u0159\u00ed\u0161ek byl pro n\u00e1s zku\u0161en\u00fdm mentorem v oblasti advokacie, ale tak\u00e9 v\u00fdte\u010dn\u00fdm spole\u010dn\u00edkem se zdvo\u0159il\u00fdm vystupov\u00e1n\u00edm, se\u010dt\u011bl\u00fdm \u010dlov\u011bkem a skv\u011bl\u00fdm vyprav\u011b\u010dem, [&hellip;]<\/p>\n","protected":false},"author":3,"featured_media":476,"comment_status":"closed","ping_status":"open","sticky":false,"template":"","format":"standard","meta":[],"categories":[2],"tags":[],"amp_enabled":true,"_links":{"self":[{"href":"https:\/\/akdusekbudil.cz\/index.php?rest_route=\/wp\/v2\/posts\/475"}],"collection":[{"href":"https:\/\/akdusekbudil.cz\/index.php?rest_route=\/wp\/v2\/posts"}],"about":[{"href":"https:\/\/akdusekbudil.cz\/index.php?rest_route=\/wp\/v2\/types\/post"}],"author":[{"embeddable":true,"href":"https:\/\/akdusekbudil.cz\/index.php?rest_route=\/wp\/v2\/users\/3"}],"replies":[{"embeddable":true,"href":"https:\/\/akdusekbudil.cz\/index.php?rest_route=%2Fwp%2Fv2%2Fcomments&post=475"}],"version-history":[{"count":1,"href":"https:\/\/akdusekbudil.cz\/index.php?rest_route=\/wp\/v2\/posts\/475\/revisions"}],"predecessor-version":[{"id":479,"href":"https:\/\/akdusekbudil.cz\/index.php?rest_route=\/wp\/v2\/posts\/475\/revisions\/479"}],"wp:featuredmedia":[{"embeddable":true,"href":"https:\/\/akdusekbudil.cz\/index.php?rest_route=\/wp\/v2\/media\/476"}],"wp:attachment":[{"href":"https:\/\/akdusekbudil.cz\/index.php?rest_route=%2Fwp%2Fv2%2Fmedia&parent=475"}],"wp:term":[{"taxonomy":"category","embeddable":true,"href":"https:\/\/akdusekbudil.cz\/index.php?rest_route=%2Fwp%2Fv2%2Fcategories&post=475"},{"taxonomy":"post_tag","embeddable":true,"href":"https:\/\/akdusekbudil.cz\/index.php?rest_route=%2Fwp%2Fv2%2Ftags&post=475"}],"curies":[{"name":"wp","href":"https:\/\/api.w.org\/{rel}","templated":true}]}}